{"id":6895,"date":"2023-07-31T15:20:03","date_gmt":"2023-07-31T13:20:03","guid":{"rendered":"https:\/\/sartori-ambiente.com\/?p=6895"},"modified":"2023-07-31T15:20:03","modified_gmt":"2023-07-31T13:20:03","slug":"august-our-little-break","status":"publish","type":"post","link":"https:\/\/sartori-ambiente.com\/fr\/august-our-little-break\/","title":{"rendered":"AUGUST: OUR LITTLE BREAK"},"content":{"rendered":"<p>As you know, in August we take little break to rest and recharge. Here all the details about our departments:<\/p>\n<ul>\n<li>Logistic and production will be off from the 14<sup>th<\/sup> to the 25<sup>th<\/sup> of August.<\/li>\n<li>Sales offices will be off from the 14<sup>th<\/sup> to the 18<sup>th<\/sup> of August.<\/li>\n<li>The department of Business Unit Technology will be off from the 14<sup>th<\/sup> to the 18<sup>th<\/sup> of August.<\/li>\n<\/ul>\n","protected":false},"excerpt":{"rendered":"<p>As you know, in August we take little break to rest and recharge. Here all the details about our departments: Logistic and production will be off from the 14th to the 25th of August. Sales offices will be off from the 14th to the 18th of August. The department of Business Unit Technology will be [&hellip;]<\/p>\n","protected":false},"author":3,"featured_media":6884,"comment_status":"closed","ping_status":"closed","sticky":false,"template":"","format":"standard","meta":{"_acf_changed":false,"footnotes":""},"categories":[25],"tags":[],"class_list":["post-6895","post","type-post","status-publish","format-standard","has-post-thumbnail","hentry","category-non-classifiee"],"acf":[],"yoast_head":"<!-- This site is optimized with the Yoast SEO plugin v27.4 - https:\/\/yoast.com\/product\/yoast-seo-wordpress\/ -->\n<title>AUGUST: OUR LITTLE BREAK | Sartori Ambiente<\/title>\n<meta name=\"robots\" content=\"index, follow, max-snippet:-1, max-image-preview:large, max-video-preview:-1\" \/>\n<link rel=\"canonical\" href=\"https:\/\/sartori-ambiente.com\/fr\/august-our-little-break\/\" \/>\n<meta property=\"og:locale\" content=\"fr_FR\" \/>\n<meta property=\"og:type\" content=\"article\" \/>\n<meta property=\"og:title\" content=\"AUGUST: OUR LITTLE BREAK | Sartori Ambiente\" \/>\n<meta property=\"og:description\" content=\"As you know, in August we take little break to rest and recharge. Here all the details about our departments: Logistic and production will be off from the 14th to the 25th of August. Sales offices will be off from the 14th to the 18th of August. The department of Business Unit Technology will be [&hellip;]\" \/>\n<meta property=\"og:url\" content=\"https:\/\/sartori-ambiente.com\/fr\/august-our-little-break\/\" \/>\n<meta property=\"og:site_name\" content=\"Sartori Ambiente\" \/>\n<meta property=\"article:author\" content=\"hgblu\" \/>\n<meta property=\"article:published_time\" content=\"2023-07-31T13:20:03+00:00\" \/>\n<meta property=\"og:image\" content=\"https:\/\/sartori-ambiente.com\/wp-content\/uploads\/2023\/07\/NL-28-07-23_ferie-2.jpg\" \/>\n\t<meta property=\"og:image:width\" content=\"600\" \/>\n\t<meta property=\"og:image:height\" content=\"200\" \/>\n\t<meta property=\"og:image:type\" content=\"image\/jpeg\" \/>\n<meta name=\"author\" content=\"Lara\" \/>\n<meta name=\"twitter:card\" content=\"summary_large_image\" \/>\n<meta name=\"twitter:label1\" content=\"\u00c9crit par\" \/>\n\t<meta name=\"twitter:data1\" content=\"Lara\" \/>\n\t<meta name=\"twitter:label2\" content=\"Dur\u00e9e de lecture estim\u00e9e\" \/>\n\t<meta name=\"twitter:data2\" content=\"1 minute\" \/>\n<script type=\"application\/ld+json\" class=\"yoast-schema-graph\">{\"@context\":\"https:\\\/\\\/schema.org\",\"@graph\":[{\"@type\":\"Article\",\"@id\":\"https:\\\/\\\/sartori-ambiente.com\\\/fr\\\/august-our-little-break\\\/#article\",\"isPartOf\":{\"@id\":\"https:\\\/\\\/sartori-ambiente.com\\\/fr\\\/august-our-little-break\\\/\"},\"author\":{\"name\":\"Lara\",\"@id\":\"https:\\\/\\\/sartori-ambiente.com\\\/fr\\\/#\\\/schema\\\/person\\\/37061f9a483da0f19d3c60e4b884e72f\"},\"headline\":\"AUGUST: OUR LITTLE BREAK\",\"datePublished\":\"2023-07-31T13:20:03+00:00\",\"mainEntityOfPage\":{\"@id\":\"https:\\\/\\\/sartori-ambiente.com\\\/fr\\\/august-our-little-break\\\/\"},\"wordCount\":68,\"publisher\":{\"@id\":\"https:\\\/\\\/sartori-ambiente.com\\\/fr\\\/#organization\"},\"image\":{\"@id\":\"https:\\\/\\\/sartori-ambiente.com\\\/fr\\\/august-our-little-break\\\/#primaryimage\"},\"thumbnailUrl\":\"https:\\\/\\\/sartori-ambiente.com\\\/wp-content\\\/uploads\\\/2023\\\/07\\\/NL-28-07-23_ferie-2.jpg\",\"articleSection\":[\"Non classifi\u00e9(e)\"],\"inLanguage\":\"fr-FR\"},{\"@type\":\"WebPage\",\"@id\":\"https:\\\/\\\/sartori-ambiente.com\\\/fr\\\/august-our-little-break\\\/\",\"url\":\"https:\\\/\\\/sartori-ambiente.com\\\/fr\\\/august-our-little-break\\\/\",\"name\":\"AUGUST: OUR LITTLE BREAK | Sartori Ambiente\",\"isPartOf\":{\"@id\":\"https:\\\/\\\/sartori-ambiente.com\\\/fr\\\/#website\"},\"primaryImageOfPage\":{\"@id\":\"https:\\\/\\\/sartori-ambiente.com\\\/fr\\\/august-our-little-break\\\/#primaryimage\"},\"image\":{\"@id\":\"https:\\\/\\\/sartori-ambiente.com\\\/fr\\\/august-our-little-break\\\/#primaryimage\"},\"thumbnailUrl\":\"https:\\\/\\\/sartori-ambiente.com\\\/wp-content\\\/uploads\\\/2023\\\/07\\\/NL-28-07-23_ferie-2.jpg\",\"datePublished\":\"2023-07-31T13:20:03+00:00\",\"inLanguage\":\"fr-FR\",\"potentialAction\":[{\"@type\":\"ReadAction\",\"target\":[\"https:\\\/\\\/sartori-ambiente.com\\\/fr\\\/august-our-little-break\\\/\"]}]},{\"@type\":\"ImageObject\",\"inLanguage\":\"fr-FR\",\"@id\":\"https:\\\/\\\/sartori-ambiente.com\\\/fr\\\/august-our-little-break\\\/#primaryimage\",\"url\":\"https:\\\/\\\/sartori-ambiente.com\\\/wp-content\\\/uploads\\\/2023\\\/07\\\/NL-28-07-23_ferie-2.jpg\",\"contentUrl\":\"https:\\\/\\\/sartori-ambiente.com\\\/wp-content\\\/uploads\\\/2023\\\/07\\\/NL-28-07-23_ferie-2.jpg\",\"width\":600,\"height\":200},{\"@type\":\"WebSite\",\"@id\":\"https:\\\/\\\/sartori-ambiente.com\\\/fr\\\/#website\",\"url\":\"https:\\\/\\\/sartori-ambiente.com\\\/fr\\\/\",\"name\":\"Sartori Ambiente\",\"description\":\"\",\"publisher\":{\"@id\":\"https:\\\/\\\/sartori-ambiente.com\\\/fr\\\/#organization\"},\"potentialAction\":[{\"@type\":\"SearchAction\",\"target\":{\"@type\":\"EntryPoint\",\"urlTemplate\":\"https:\\\/\\\/sartori-ambiente.com\\\/fr\\\/?s={search_term_string}\"},\"query-input\":{\"@type\":\"PropertyValueSpecification\",\"valueRequired\":true,\"valueName\":\"search_term_string\"}}],\"inLanguage\":\"fr-FR\"},{\"@type\":\"Organization\",\"@id\":\"https:\\\/\\\/sartori-ambiente.com\\\/fr\\\/#organization\",\"name\":\"Sartori Ambiente\",\"url\":\"https:\\\/\\\/sartori-ambiente.com\\\/fr\\\/\",\"logo\":{\"@type\":\"ImageObject\",\"inLanguage\":\"fr-FR\",\"@id\":\"https:\\\/\\\/sartori-ambiente.com\\\/fr\\\/#\\\/schema\\\/logo\\\/image\\\/\",\"url\":\"https:\\\/\\\/sartori-ambiente.com\\\/wp-content\\\/uploads\\\/2021\\\/09\\\/Sartori_Ambiente_logo.svg\",\"contentUrl\":\"https:\\\/\\\/sartori-ambiente.com\\\/wp-content\\\/uploads\\\/2021\\\/09\\\/Sartori_Ambiente_logo.svg\",\"width\":1,\"height\":1,\"caption\":\"Sartori Ambiente\"},\"image\":{\"@id\":\"https:\\\/\\\/sartori-ambiente.com\\\/fr\\\/#\\\/schema\\\/logo\\\/image\\\/\"}},{\"@type\":\"Person\",\"@id\":\"https:\\\/\\\/sartori-ambiente.com\\\/fr\\\/#\\\/schema\\\/person\\\/37061f9a483da0f19d3c60e4b884e72f\",\"name\":\"Lara\",\"image\":{\"@type\":\"ImageObject\",\"inLanguage\":\"fr-FR\",\"@id\":\"https:\\\/\\\/secure.gravatar.com\\\/avatar\\\/723df0e0d6fe89797bf207d9090a4544ec12005d02b782a7014cef8cc0d3a8a1?s=96&d=mm&r=g\",\"url\":\"https:\\\/\\\/secure.gravatar.com\\\/avatar\\\/723df0e0d6fe89797bf207d9090a4544ec12005d02b782a7014cef8cc0d3a8a1?s=96&d=mm&r=g\",\"contentUrl\":\"https:\\\/\\\/secure.gravatar.com\\\/avatar\\\/723df0e0d6fe89797bf207d9090a4544ec12005d02b782a7014cef8cc0d3a8a1?s=96&d=mm&r=g\",\"caption\":\"Lara\"},\"sameAs\":[\"hgblu\"]}]}<\/script>\n<!-- \/ Yoast SEO plugin. -->","yoast_head_json":{"title":"AUGUST: OUR LITTLE BREAK | Sartori Ambiente","robots":{"index":"index","follow":"follow","max-snippet":"max-snippet:-1","max-image-preview":"max-image-preview:large","max-video-preview":"max-video-preview:-1"},"canonical":"https:\/\/sartori-ambiente.com\/fr\/august-our-little-break\/","og_locale":"fr_FR","og_type":"article","og_title":"AUGUST: OUR LITTLE BREAK | Sartori Ambiente","og_description":"As you know, in August we take little break to rest and recharge. Here all the details about our departments: Logistic and production will be off from the 14th to the 25th of August. Sales offices will be off from the 14th to the 18th of August. The department of Business Unit Technology will be [&hellip;]","og_url":"https:\/\/sartori-ambiente.com\/fr\/august-our-little-break\/","og_site_name":"Sartori Ambiente","article_author":"hgblu","article_published_time":"2023-07-31T13:20:03+00:00","og_image":[{"width":600,"height":200,"url":"https:\/\/sartori-ambiente.com\/wp-content\/uploads\/2023\/07\/NL-28-07-23_ferie-2.jpg","type":"image\/jpeg"}],"author":"Lara","twitter_card":"summary_large_image","twitter_misc":{"\u00c9crit par":"Lara","Dur\u00e9e de lecture estim\u00e9e":"1 minute"},"schema":{"@context":"https:\/\/schema.org","@graph":[{"@type":"Article","@id":"https:\/\/sartori-ambiente.com\/fr\/august-our-little-break\/#article","isPartOf":{"@id":"https:\/\/sartori-ambiente.com\/fr\/august-our-little-break\/"},"author":{"name":"Lara","@id":"https:\/\/sartori-ambiente.com\/fr\/#\/schema\/person\/37061f9a483da0f19d3c60e4b884e72f"},"headline":"AUGUST: OUR LITTLE BREAK","datePublished":"2023-07-31T13:20:03+00:00","mainEntityOfPage":{"@id":"https:\/\/sartori-ambiente.com\/fr\/august-our-little-break\/"},"wordCount":68,"publisher":{"@id":"https:\/\/sartori-ambiente.com\/fr\/#organization"},"image":{"@id":"https:\/\/sartori-ambiente.com\/fr\/august-our-little-break\/#primaryimage"},"thumbnailUrl":"https:\/\/sartori-ambiente.com\/wp-content\/uploads\/2023\/07\/NL-28-07-23_ferie-2.jpg","articleSection":["Non classifi\u00e9(e)"],"inLanguage":"fr-FR"},{"@type":"WebPage","@id":"https:\/\/sartori-ambiente.com\/fr\/august-our-little-break\/","url":"https:\/\/sartori-ambiente.com\/fr\/august-our-little-break\/","name":"AUGUST: OUR LITTLE BREAK | Sartori Ambiente","isPartOf":{"@id":"https:\/\/sartori-ambiente.com\/fr\/#website"},"primaryImageOfPage":{"@id":"https:\/\/sartori-ambiente.com\/fr\/august-our-little-break\/#primaryimage"},"image":{"@id":"https:\/\/sartori-ambiente.com\/fr\/august-our-little-break\/#primaryimage"},"thumbnailUrl":"https:\/\/sartori-ambiente.com\/wp-content\/uploads\/2023\/07\/NL-28-07-23_ferie-2.jpg","datePublished":"2023-07-31T13:20:03+00:00","inLanguage":"fr-FR","potentialAction":[{"@type":"ReadAction","target":["https:\/\/sartori-ambiente.com\/fr\/august-our-little-break\/"]}]},{"@type":"ImageObject","inLanguage":"fr-FR","@id":"https:\/\/sartori-ambiente.com\/fr\/august-our-little-break\/#primaryimage","url":"https:\/\/sartori-ambiente.com\/wp-content\/uploads\/2023\/07\/NL-28-07-23_ferie-2.jpg","contentUrl":"https:\/\/sartori-ambiente.com\/wp-content\/uploads\/2023\/07\/NL-28-07-23_ferie-2.jpg","width":600,"height":200},{"@type":"WebSite","@id":"https:\/\/sartori-ambiente.com\/fr\/#website","url":"https:\/\/sartori-ambiente.com\/fr\/","name":"Sartori Ambiente","description":"","publisher":{"@id":"https:\/\/sartori-ambiente.com\/fr\/#organization"},"potentialAction":[{"@type":"SearchAction","target":{"@type":"EntryPoint","urlTemplate":"https:\/\/sartori-ambiente.com\/fr\/?s={search_term_string}"},"query-input":{"@type":"PropertyValueSpecification","valueRequired":true,"valueName":"search_term_string"}}],"inLanguage":"fr-FR"},{"@type":"Organization","@id":"https:\/\/sartori-ambiente.com\/fr\/#organization","name":"Sartori Ambiente","url":"https:\/\/sartori-ambiente.com\/fr\/","logo":{"@type":"ImageObject","inLanguage":"fr-FR","@id":"https:\/\/sartori-ambiente.com\/fr\/#\/schema\/logo\/image\/","url":"https:\/\/sartori-ambiente.com\/wp-content\/uploads\/2021\/09\/Sartori_Ambiente_logo.svg","contentUrl":"https:\/\/sartori-ambiente.com\/wp-content\/uploads\/2021\/09\/Sartori_Ambiente_logo.svg","width":1,"height":1,"caption":"Sartori Ambiente"},"image":{"@id":"https:\/\/sartori-ambiente.com\/fr\/#\/schema\/logo\/image\/"}},{"@type":"Person","@id":"https:\/\/sartori-ambiente.com\/fr\/#\/schema\/person\/37061f9a483da0f19d3c60e4b884e72f","name":"Lara","image":{"@type":"ImageObject","inLanguage":"fr-FR","@id":"https:\/\/secure.gravatar.com\/avatar\/723df0e0d6fe89797bf207d9090a4544ec12005d02b782a7014cef8cc0d3a8a1?s=96&d=mm&r=g","url":"https:\/\/secure.gravatar.com\/avatar\/723df0e0d6fe89797bf207d9090a4544ec12005d02b782a7014cef8cc0d3a8a1?s=96&d=mm&r=g","contentUrl":"https:\/\/secure.gravatar.com\/avatar\/723df0e0d6fe89797bf207d9090a4544ec12005d02b782a7014cef8cc0d3a8a1?s=96&d=mm&r=g","caption":"Lara"},"sameAs":["hgblu"]}]}},"_links":{"self":[{"href":"https:\/\/sartori-ambiente.com\/fr\/wp-json\/wp\/v2\/posts\/6895","targetHints":{"allow":["GET"]}}],"collection":[{"href":"https:\/\/sartori-ambiente.com\/fr\/wp-json\/wp\/v2\/posts"}],"about":[{"href":"https:\/\/sartori-ambiente.com\/fr\/wp-json\/wp\/v2\/types\/post"}],"author":[{"embeddable":true,"href":"https:\/\/sartori-ambiente.com\/fr\/wp-json\/wp\/v2\/users\/3"}],"replies":[{"embeddable":true,"href":"https:\/\/sartori-ambiente.com\/fr\/wp-json\/wp\/v2\/comments?post=6895"}],"version-history":[{"count":0,"href":"https:\/\/sartori-ambiente.com\/fr\/wp-json\/wp\/v2\/posts\/6895\/revisions"}],"wp:featuredmedia":[{"embeddable":true,"href":"https:\/\/sartori-ambiente.com\/fr\/wp-json\/wp\/v2\/media\/6884"}],"wp:attachment":[{"href":"https:\/\/sartori-ambiente.com\/fr\/wp-json\/wp\/v2\/media?parent=6895"}],"wp:term":[{"taxonomy":"category","embeddable":true,"href":"https:\/\/sartori-ambiente.com\/fr\/wp-json\/wp\/v2\/categories?post=6895"},{"taxonomy":"post_tag","embeddable":true,"href":"https:\/\/sartori-ambiente.com\/fr\/wp-json\/wp\/v2\/tags?post=6895"}],"curies":[{"name":"wp","href":"https:\/\/api.w.org\/{rel}","templated":true}]}}